{"id":13680,"date":"2021-02-07T19:19:37","date_gmt":"2021-02-07T19:19:37","guid":{"rendered":"https:\/\/newweb.padelcreations.com\/?p=13680"},"modified":"2025-03-13T11:55:02","modified_gmt":"2025-03-13T11:55:02","slug":"padel-fur-menschen-mit-behinderung","status":"publish","type":"post","link":"https:\/\/www.padelcreations.com\/de\/padel-fur-menschen-mit-behinderung\/","title":{"rendered":"5 M\u00f6glichkeiten, wie Padel soziale Inklusion f\u00f6rdert"},"content":{"rendered":"\t\t<div data-elementor-type=\"wp-post\" data-elementor-id=\"13680\" class=\"elementor elementor-13680 elementor-13955\" data-elementor-post-type=\"post\">\n\t\t\t\t<div data-particle_enable=\"false\" data-particle-mobile-disabled=\"false\" class=\"elementor-element elementor-element-78619a4 e-flex e-con-boxed e-con e-parent\" data-id=\"78619a4\" data-element_type=\"container\" data-e-type=\"container\">\n\t\t\t\t\t<div class=\"e-con-inner\">\n\t\t<div data-particle_enable=\"false\" data-particle-mobile-disabled=\"false\" class=\"elementor-element elementor-element-9ea0687 e-con-full e-flex e-con e-child\" data-id=\"9ea0687\" data-element_type=\"container\" data-e-type=\"container\">\n\t\t\t\t<div class=\"elementor-element elementor-element-9ec754f elementor-widget elementor-widget-image-gallery\" data-id=\"9ec754f\" data-element_type=\"widget\" data-e-type=\"widget\" data-widget_type=\"image-gallery.default\">\n\t\t\t\t<div class=\"elementor-widget-container\">\n\t\t\t\t\t\t\t<div class=\"elementor-image-gallery\">\n\t\t\t<div id='gallery-1' class='gallery galleryid-13680 gallery-columns-1 gallery-size-medium_large'><figure class='gallery-item'>\n\t\t\t<div class='gallery-icon landscape'>\n\t\t\t\t<a data-elementor-open-lightbox=\"yes\" data-elementor-lightbox-slideshow=\"9ec754f\" data-e-action-hash=\"#elementor-action%3Aaction%3Dlightbox%26settings%3DeyJpZCI6MzI0OTIsInVybCI6Imh0dHBzOlwvXC93d3cucGFkZWxjcmVhdGlvbnMuY29tXC93cC1jb250ZW50XC91cGxvYWRzXC8yMDIxXC8wMlwvUGFkZWwtZm9yLURvd24tU3luZHJvbS1TcGVjaWFsLW5lZWRzLTcuanBnIiwic2xpZGVzaG93IjoiOWVjNzU0ZiJ9\" href='https:\/\/www.padelcreations.com\/wp-content\/uploads\/2021\/02\/Padel-for-Down-Syndrom-Special-needs-7.jpg'><img loading=\"lazy\" width=\"376\" height=\"376\" src=\"https:\/\/www.padelcreations.com\/wp-content\/uploads\/2021\/02\/Padel-for-Down-Syndrom-Special-needs-7.jpg\" class=\"attachment-medium_large size-medium_large\" alt=\"Eine Gruppe von Padelspielern und Trainern posiert mit Schl\u00e4gern auf einem Padelplatz.\" aria-describedby=\"gallery-1-32492\" decoding=\"async\" srcset=\"https:\/\/www.padelcreations.com\/wp-content\/uploads\/2021\/02\/Padel-for-Down-Syndrom-Special-needs-7.jpg 376w, https:\/\/www.padelcreations.com\/wp-content\/uploads\/2021\/02\/Padel-for-Down-Syndrom-Special-needs-7-300x300.jpg 300w, https:\/\/www.padelcreations.com\/wp-content\/uploads\/2021\/02\/Padel-for-Down-Syndrom-Special-needs-7-100x100.jpg 100w, https:\/\/www.padelcreations.com\/wp-content\/uploads\/2021\/02\/Padel-for-Down-Syndrom-Special-needs-7-150x150.jpg 150w\" sizes=\"auto, (max-width: 376px) 100vw, 376px\" \/><\/a>\n\t\t\t<\/div>\n\t\t\t\t<figcaption class='wp-caption-text gallery-caption' id='gallery-1-32492'>\n\t\t\t\tGruppenfoto von Padelspielern und Trainern auf dem Platz.\n\t\t\t\t<\/figcaption><\/figure><figure class='gallery-item'>\n\t\t\t<div class='gallery-icon landscape'>\n\t\t\t\t<a data-elementor-open-lightbox=\"yes\" data-elementor-lightbox-slideshow=\"9ec754f\" data-e-action-hash=\"#elementor-action%3Aaction%3Dlightbox%26settings%3DeyJpZCI6MTM2ODgsInVybCI6Imh0dHBzOlwvXC93d3cucGFkZWxjcmVhdGlvbnMuY29tXC93cC1jb250ZW50XC91cGxvYWRzXC8yMDIxXC8wMlwvUGFkZWwtZm9yLURvd24tU3luZHJvbS1TcGVjaWFsLW5lZWRzLTMuanBnIiwic2xpZGVzaG93IjoiOWVjNzU0ZiJ9\" href='https:\/\/www.padelcreations.com\/wp-content\/uploads\/2021\/02\/Padel-for-Down-Syndrom-Special-needs-3.jpg'><img width=\"768\" height=\"510\" src=\"https:\/\/www.padelcreations.com\/wp-content\/uploads\/2021\/02\/Padel-for-Down-Syndrom-Special-needs-3-768x510.jpg\" class=\"attachment-medium_large size-medium_large\" alt=\"Padel Preisverleihung f\u00fcr Kinder mit Behinderung\" aria-describedby=\"gallery-1-13688\" decoding=\"async\" loading=\"lazy\" srcset=\"https:\/\/www.padelcreations.com\/wp-content\/uploads\/2021\/02\/Padel-for-Down-Syndrom-Special-needs-3-768x510.jpg 768w, https:\/\/www.padelcreations.com\/wp-content\/uploads\/2021\/02\/Padel-for-Down-Syndrom-Special-needs-3-300x199.jpg 300w, https:\/\/www.padelcreations.com\/wp-content\/uploads\/2021\/02\/Padel-for-Down-Syndrom-Special-needs-3-600x398.jpg 600w, https:\/\/www.padelcreations.com\/wp-content\/uploads\/2021\/02\/Padel-for-Down-Syndrom-Special-needs-3.jpg 800w\" sizes=\"auto, (max-width: 768px) 100vw, 768px\" \/><\/a>\n\t\t\t<\/div>\n\t\t\t\t<figcaption class='wp-caption-text gallery-caption' id='gallery-1-13688'>\n\t\t\t\tPadel f\u00fcr Menschen mit Behinderung\n\t\t\t\t<\/figcaption><\/figure>\n\t\t<\/div>\n\t\t<\/div>\n\t\t\t\t\t\t<\/div>\n\t\t\t\t<\/div>\n\t\t\t\t<\/div>\n\t\t<div data-particle_enable=\"false\" data-particle-mobile-disabled=\"false\" class=\"elementor-element elementor-element-af5db35 e-con-full e-flex e-con e-child\" data-id=\"af5db35\" data-element_type=\"container\" data-e-type=\"container\">\n\t\t\t\t<div class=\"elementor-element elementor-element-9ec3415 elementor-widget elementor-widget-text-editor\" data-id=\"9ec3415\" data-element_type=\"widget\" data-e-type=\"widget\" data-widget_type=\"text-editor.default\">\n\t\t\t\t<div class=\"elementor-widget-container\">\n\t\t\t\t\t\t\t\t\t<p>Auch Personen mit jedweder Art von Beeintr\u00e4chtigung werden Freude am Padel haben.<\/p>\n<p>Gem\u00e4\u00df dem Motto &#8222;<b>Hier spielen wir alle<\/b>&#8220; haben Sie die M\u00f6glichkeit, diese Menschen einzubeziehen.<br>Sie tun nicht nur etwas Gutes, sondern bieten auch reale Chancen zur Teilhabe, sodass diese Personen ebenfalls dazu beitragen k\u00f6nnen, Sympathie f\u00fcr den Padelsport zu entwickeln.<\/p>\n<p>Das Ziel ist es, <b>Freizeitsportm\u00f6glichkeiten zu schaffen<\/b>, bei denen Menschen mit und ohne Behinderungen gemeinsam Sport treiben k\u00f6nnen, um <b>Ber\u00fchrungs\u00e4ngste abzubauen<\/b> und <b>soziale Integration<\/b> zu f\u00f6rdern, mit der Absicht, Menschen in all ihrer Verschiedenheit (Behinderung, Geschlecht, ethnisch-kultureller Hintergrund, Alter, Religion\/Weltanschauung) zu unterst\u00fctzen, indem der soziale Kontext ber\u00fccksichtigt und einbezogen wird und folglich die Gesellschaft als Ganzes von dieser Diversit\u00e4t profitiert.<\/p>\n<p>Einige Regierungen <b>bieten F\u00f6rderpakete f\u00fcr<\/b> diese Art von Aktivit\u00e4ten an, die Kosten f\u00fcr Material und Personal abdecken.&nbsp;<\/p>\t\t\t\t\t\t\t\t<\/div>\n\t\t\t\t<\/div>\n\t\t\t\t<\/div>\n\t\t\t\t\t<\/div>\n\t\t\t\t<\/div>\n\t\t<div data-particle_enable=\"false\" data-particle-mobile-disabled=\"false\" class=\"elementor-element elementor-element-35b61ece e-flex e-con-boxed e-con e-parent\" data-id=\"35b61ece\" data-element_type=\"container\" data-e-type=\"container\">\n\t\t\t\t\t<div class=\"e-con-inner\">\n\t\t\t\t<div class=\"elementor-element elementor-element-2a7fa53f elementor-widget elementor-widget-gallery\" data-id=\"2a7fa53f\" data-element_type=\"widget\" data-e-type=\"widget\" data-settings=\"{&quot;motion_fx_motion_fx_scrolling&quot;:&quot;yes&quot;,&quot;columns&quot;:2,&quot;lazyload&quot;:&quot;yes&quot;,&quot;gallery_layout&quot;:&quot;grid&quot;,&quot;columns_tablet&quot;:2,&quot;columns_mobile&quot;:1,&quot;gap&quot;:{&quot;unit&quot;:&quot;px&quot;,&quot;size&quot;:10,&quot;sizes&quot;:[]},&quot;gap_tablet&quot;:{&quot;unit&quot;:&quot;px&quot;,&quot;size&quot;:10,&quot;sizes&quot;:[]},&quot;gap_mobile&quot;:{&quot;unit&quot;:&quot;px&quot;,&quot;size&quot;:10,&quot;sizes&quot;:[]},&quot;link_to&quot;:&quot;file&quot;,&quot;aspect_ratio&quot;:&quot;3:2&quot;,&quot;overlay_background&quot;:&quot;yes&quot;,&quot;motion_fx_devices&quot;:[&quot;desktop&quot;,&quot;tablet&quot;,&quot;mobile&quot;]}\" data-widget_type=\"gallery.default\">\n\t\t\t\t<div class=\"elementor-widget-container\">\n\t\t\t\t\t\t\t<div class=\"elementor-gallery__container\">\n\t\t\t\t\t\t\t<a class=\"e-gallery-item elementor-gallery-item\" href=\"https:\/\/www.padelcreations.com\/wp-content\/uploads\/2024\/10\/Padel-for-Down-Syndrom-Special-needs-3.jpg\" data-elementor-open-lightbox=\"yes\" data-elementor-lightbox-slideshow=\"2a7fa53f\" data-e-action-hash=\"#elementor-action%3Aaction%3Dlightbox%26settings%3DeyJpZCI6MTY3LCJ1cmwiOiJodHRwczpcL1wvd3d3LnBhZGVsY3JlYXRpb25zLmNvbVwvd3AtY29udGVudFwvdXBsb2Fkc1wvMjAyNFwvMTBcL1BhZGVsLWZvci1Eb3duLVN5bmRyb20tU3BlY2lhbC1uZWVkcy0zLmpwZyIsInNsaWRlc2hvdyI6IjJhN2ZhNTNmIn0%3D\">\n\t\t\t\t\t<div class=\"e-gallery-image elementor-gallery-item__image\" data-thumbnail=\"https:\/\/www.padelcreations.com\/wp-content\/uploads\/2024\/10\/Padel-for-Down-Syndrom-Special-needs-3.jpg\" data-width=\"800\" data-height=\"531\" aria-label=\"Padel Preisverleihung f\u00fcr Kinder mit Behinderung\" role=\"img\" ><\/div>\n\t\t\t\t\t\t\t\t\t\t\t<div class=\"elementor-gallery-item__overlay\"><\/div>\n\t\t\t\t\t\t\t\t\t\t\t\t\t\t<\/a>\n\t\t\t\t\t\t\t<a class=\"e-gallery-item elementor-gallery-item\" href=\"https:\/\/www.padelcreations.com\/wp-content\/uploads\/2024\/10\/Padel-for-Down-Syndrom-Special-needs-6.jpg\" data-elementor-open-lightbox=\"yes\" data-elementor-lightbox-slideshow=\"2a7fa53f\" data-e-action-hash=\"#elementor-action%3Aaction%3Dlightbox%26settings%3DeyJpZCI6MTY2LCJ1cmwiOiJodHRwczpcL1wvd3d3LnBhZGVsY3JlYXRpb25zLmNvbVwvd3AtY29udGVudFwvdXBsb2Fkc1wvMjAyNFwvMTBcL1BhZGVsLWZvci1Eb3duLVN5bmRyb20tU3BlY2lhbC1uZWVkcy02LmpwZyIsInNsaWRlc2hvdyI6IjJhN2ZhNTNmIn0%3D\">\n\t\t\t\t\t<div class=\"e-gallery-image elementor-gallery-item__image\" data-thumbnail=\"https:\/\/www.padelcreations.com\/wp-content\/uploads\/2024\/10\/Padel-for-Down-Syndrom-Special-needs-6.jpg\" data-width=\"800\" data-height=\"531\" aria-label=\"Padelsport f\u00fcr behinderte Menschen\" role=\"img\" ><\/div>\n\t\t\t\t\t\t\t\t\t\t\t<div class=\"elementor-gallery-item__overlay\"><\/div>\n\t\t\t\t\t\t\t\t\t\t\t\t\t\t<\/a>\n\t\t\t\t\t\t\t<a class=\"e-gallery-item elementor-gallery-item\" href=\"https:\/\/www.padelcreations.com\/wp-content\/uploads\/2024\/10\/Padel-for-Down-Syndrom-Special-needs-5.jpg\" data-elementor-open-lightbox=\"yes\" data-elementor-lightbox-slideshow=\"2a7fa53f\" data-e-action-hash=\"#elementor-action%3Aaction%3Dlightbox%26settings%3DeyJpZCI6MTY1LCJ1cmwiOiJodHRwczpcL1wvd3d3LnBhZGVsY3JlYXRpb25zLmNvbVwvd3AtY29udGVudFwvdXBsb2Fkc1wvMjAyNFwvMTBcL1BhZGVsLWZvci1Eb3duLVN5bmRyb20tU3BlY2lhbC1uZWVkcy01LmpwZyIsInNsaWRlc2hvdyI6IjJhN2ZhNTNmIn0%3D\">\n\t\t\t\t\t<div class=\"e-gallery-image elementor-gallery-item__image\" data-thumbnail=\"https:\/\/www.padelcreations.com\/wp-content\/uploads\/2024\/10\/Padel-for-Down-Syndrom-Special-needs-5.jpg\" data-width=\"800\" data-height=\"531\" aria-label=\"Padel - Preisverleihung f\u00fcr Menschen mit Behinderung\" role=\"img\" ><\/div>\n\t\t\t\t\t\t\t\t\t\t\t<div class=\"elementor-gallery-item__overlay\"><\/div>\n\t\t\t\t\t\t\t\t\t\t\t\t\t\t<\/a>\n\t\t\t\t\t\t\t<a class=\"e-gallery-item elementor-gallery-item\" href=\"https:\/\/www.padelcreations.com\/wp-content\/uploads\/2024\/10\/Padel-for-Down-Syndrom-Special-needs-4.jpg\" data-elementor-open-lightbox=\"yes\" data-elementor-lightbox-slideshow=\"2a7fa53f\" data-e-action-hash=\"#elementor-action%3Aaction%3Dlightbox%26settings%3DeyJpZCI6MTY0LCJ1cmwiOiJodHRwczpcL1wvd3d3LnBhZGVsY3JlYXRpb25zLmNvbVwvd3AtY29udGVudFwvdXBsb2Fkc1wvMjAyNFwvMTBcL1BhZGVsLWZvci1Eb3duLVN5bmRyb20tU3BlY2lhbC1uZWVkcy00LmpwZyIsInNsaWRlc2hvdyI6IjJhN2ZhNTNmIn0%3D\">\n\t\t\t\t\t<div class=\"e-gallery-image elementor-gallery-item__image\" data-thumbnail=\"https:\/\/www.padelcreations.com\/wp-content\/uploads\/2024\/10\/Padel-for-Down-Syndrom-Special-needs-4.jpg\" data-width=\"800\" data-height=\"531\" aria-label=\"Group photo featuring three individuals holding sports apparel and one individual standing beside them.\" role=\"img\" ><\/div>\n\t\t\t\t\t\t\t\t\t\t\t<div class=\"elementor-gallery-item__overlay\"><\/div>\n\t\t\t\t\t\t\t\t\t\t\t\t\t\t<\/a>\n\t\t\t\t\t\t\t<a class=\"e-gallery-item elementor-gallery-item\" href=\"https:\/\/www.padelcreations.com\/wp-content\/uploads\/2024\/10\/Padel-for-Down-Syndrom-Special-needs-2-scaled-1.jpg\" data-elementor-open-lightbox=\"yes\" data-elementor-lightbox-slideshow=\"2a7fa53f\" data-e-action-hash=\"#elementor-action%3Aaction%3Dlightbox%26settings%3DeyJpZCI6MTYzLCJ1cmwiOiJodHRwczpcL1wvd3d3LnBhZGVsY3JlYXRpb25zLmNvbVwvd3AtY29udGVudFwvdXBsb2Fkc1wvMjAyNFwvMTBcL1BhZGVsLWZvci1Eb3duLVN5bmRyb20tU3BlY2lhbC1uZWVkcy0yLXNjYWxlZC0xLmpwZyIsInNsaWRlc2hvdyI6IjJhN2ZhNTNmIn0%3D\">\n\t\t\t\t\t<div class=\"e-gallery-image elementor-gallery-item__image\" data-thumbnail=\"https:\/\/www.padelcreations.com\/wp-content\/uploads\/2024\/10\/Padel-for-Down-Syndrom-Special-needs-2-scaled-1.jpg\" data-width=\"2560\" data-height=\"1440\" aria-label=\"Individuals participating in a padel training session, with one person holding a racket and preparing to hit a ball.\" role=\"img\" ><\/div>\n\t\t\t\t\t\t\t\t\t\t\t<div class=\"elementor-gallery-item__overlay\"><\/div>\n\t\t\t\t\t\t\t\t\t\t\t\t\t\t<\/a>\n\t\t\t\t\t<\/div>\n\t\t\t\t\t<\/div>\n\t\t\t\t<\/div>\n\t\t\t\t\t<\/div>\n\t\t\t\t<\/div>\n\t\t\t\t<\/div>\n\t\t","protected":false},"excerpt":{"rendered":"<p>Padel f\u00fcr Menschen mit Behinderung Padel f\u00fcr Menschen mit Behinderung Auch Personen mit jedweder Art von Beeintr\u00e4chtigung werden Freude am Padel haben. Gem\u00e4\u00df dem Motto &#8222;Hier spielen wir alle&#8220; haben Sie die M\u00f6glichkeit, diese Menschen einzubeziehen.Sie tun nicht nur etwas Gutes, sondern bieten auch reale Chancen zur Teilhabe, sodass diese Personen ebenfalls dazu beitragen k\u00f6nnen, [&hellip;]<\/p>\n","protected":false},"author":4,"featured_media":13692,"comment_status":"closed","ping_status":"closed","sticky":false,"template":"","format":"standard","meta":{"_monsterinsights_skip_tracking":false,"_monsterinsights_sitenote_active":false,"_monsterinsights_sitenote_note":"","_monsterinsights_sitenote_category":0,"footnotes":""},"categories":[94],"tags":[177],"class_list":["post-13680","post","type-post","status-publish","format-standard","has-post-thumbnail","hentry","category-marketing-de","tag-padel-fur-kinder"],"aioseo_notices":[],"_links":{"self":[{"href":"https:\/\/www.padelcreations.com\/de\/wp-json\/wp\/v2\/posts\/13680","targetHints":{"allow":["GET"]}}],"collection":[{"href":"https:\/\/www.padelcreations.com\/de\/wp-json\/wp\/v2\/posts"}],"about":[{"href":"https:\/\/www.padelcreations.com\/de\/wp-json\/wp\/v2\/types\/post"}],"author":[{"embeddable":true,"href":"https:\/\/www.padelcreations.com\/de\/wp-json\/wp\/v2\/users\/4"}],"replies":[{"embeddable":true,"href":"https:\/\/www.padelcreations.com\/de\/wp-json\/wp\/v2\/comments?post=13680"}],"version-history":[{"count":8,"href":"https:\/\/www.padelcreations.com\/de\/wp-json\/wp\/v2\/posts\/13680\/revisions"}],"predecessor-version":[{"id":38848,"href":"https:\/\/www.padelcreations.com\/de\/wp-json\/wp\/v2\/posts\/13680\/revisions\/38848"}],"wp:featuredmedia":[{"embeddable":true,"href":"https:\/\/www.padelcreations.com\/de\/wp-json\/wp\/v2\/media\/13692"}],"wp:attachment":[{"href":"https:\/\/www.padelcreations.com\/de\/wp-json\/wp\/v2\/media?parent=13680"}],"wp:term":[{"taxonomy":"category","embeddable":true,"href":"https:\/\/www.padelcreations.com\/de\/wp-json\/wp\/v2\/categories?post=13680"},{"taxonomy":"post_tag","embeddable":true,"href":"https:\/\/www.padelcreations.com\/de\/wp-json\/wp\/v2\/tags?post=13680"}],"curies":[{"name":"wp","href":"https:\/\/api.w.org\/{rel}","templated":true}]}}